{"id":1636,"date":"2025-08-30T19:25:51","date_gmt":"2025-08-30T17:25:51","guid":{"rendered":"https:\/\/markus-philippi.de\/?p=1636"},"modified":"2025-08-30T19:26:54","modified_gmt":"2025-08-30T17:26:54","slug":"altstadtfest-buergel-2025","status":"publish","type":"post","link":"https:\/\/markus-philippi.de\/index.php\/2025\/08\/30\/altstadtfest-buergel-2025\/","title":{"rendered":"Altstadtfest B\u00fcrgel 2025"},"content":{"rendered":"\n<p class=\"has-black-color has-text-color has-link-color has-medium-font-size wp-elements-6aeac3ebc6e29c0b6fcd533964402cf3\">Viel los in der Strackgasse auf dem Altstadtfest 2025 in B\u00fcrgel. Bei sehr sehr gutem Wetter (nachdem es am Mittag noch gesch\u00fcttet wie aus Eimern hatte) l\u00e4uft das Altstadtfest und ist Treffpunkt f\u00fcr alle B\u00fcrgeler und die &#8222;drumrum&#8220;. Das wird Heute Abend ein Geschiebe und Gedr\u00e4nge. Viel zu Essen und zu Trinken. H\u00fcpfburg \ud83d\ude0e<\/p>\n\n\n\n<p class=\"has-black-color has-text-color has-link-color has-medium-font-size wp-elements-0dd74e6d2ee07de68f24b6376fe165b9\">Auch von den Offenbacher Stadtverordneten sind einige vor Ort und leben ja auch &#8222;um die Ecke&#8220;.<br>Etwas Live-Musik w\u00e4re ein Booster &#8211; man h\u00f6rt aber das &#8222;gut, am Termin verf\u00fcgbar und leistbar&#8220; dieses Jahr nicht funktioniert haben &#8211; das Altstadtfest bekommt trotzdem meine Empfehlung!<br><br><\/p>\n\n\n\n<figure class=\"wp-block-gallery has-nested-images columns-default is-cropped wp-block-gallery-1 is-layout-flex wp-block-gallery-is-layout-flex\">\n<figure class=\"wp-block-image size-large\"><img loading=\"lazy\" decoding=\"async\" width=\"768\" height=\"1024\" data-id=\"1631\" src=\"https:\/\/markus-philippi.de\/wp-content\/uploads\/2025\/08\/20250830_180343-768x1024.jpg\" alt=\"\" class=\"wp-image-1631\" srcset=\"https:\/\/markus-philippi.de\/wp-content\/uploads\/2025\/08\/20250830_180343-768x1024.jpg 768w, https:\/\/markus-philippi.de\/wp-content\/uploads\/2025\/08\/20250830_180343-225x300.jpg 225w, https:\/\/markus-philippi.de\/wp-content\/uploads\/2025\/08\/20250830_180343-1152x1536.jpg 1152w, https:\/\/markus-philippi.de\/wp-content\/uploads\/2025\/08\/20250830_180343-1536x2048.jpg 1536w, https:\/\/markus-philippi.de\/wp-content\/uploads\/2025\/08\/20250830_180343-scaled.jpg 1920w\" sizes=\"auto, (max-width: 768px) 100vw, 768px\" \/><figcaption class=\"wp-element-caption\">Altstadtfest 2025<\/figcaption><\/figure>\n\n\n\n<figure class=\"wp-block-image size-large\"><img loading=\"lazy\" decoding=\"async\" width=\"768\" height=\"1024\" data-id=\"1632\" src=\"https:\/\/markus-philippi.de\/wp-content\/uploads\/2025\/08\/20250830_180647-768x1024.jpg\" alt=\"\" class=\"wp-image-1632\" srcset=\"https:\/\/markus-philippi.de\/wp-content\/uploads\/2025\/08\/20250830_180647-768x1024.jpg 768w, https:\/\/markus-philippi.de\/wp-content\/uploads\/2025\/08\/20250830_180647-225x300.jpg 225w, https:\/\/markus-philippi.de\/wp-content\/uploads\/2025\/08\/20250830_180647-1152x1536.jpg 1152w, https:\/\/markus-philippi.de\/wp-content\/uploads\/2025\/08\/20250830_180647-1536x2048.jpg 1536w, https:\/\/markus-philippi.de\/wp-content\/uploads\/2025\/08\/20250830_180647-scaled.jpg 1920w\" sizes=\"auto, (max-width: 768px) 100vw, 768px\" \/><figcaption class=\"wp-element-caption\">Altstadtfest 2025<\/figcaption><\/figure>\n<\/figure>\n","protected":false},"excerpt":{"rendered":"<p>Viel los in der Strackgasse auf dem Altstadtfest 2025 in B\u00fcrgel. Bei sehr sehr gutem Wetter (nachdem es am Mittag noch gesch\u00fcttet wie aus Eimern hatte) l\u00e4uft das Altstadtfest und &#8230;<\/p>\n","protected":false},"author":1,"featured_media":1631,"comment_status":"open","ping_status":"closed","sticky":false,"template":"","format":"standard","meta":{"footnotes":""},"categories":[23],"tags":[61,60,62,63],"class_list":["post-1636","post","type-post","status-publish","format-standard","has-post-thumbnail","hentry","category-mp","tag-altstadtfest","tag-buergel","tag-ofenbach","tag-strackgasse"],"_links":{"self":[{"href":"https:\/\/markus-philippi.de\/index.php\/wp-json\/wp\/v2\/posts\/1636","targetHints":{"allow":["GET"]}}],"collection":[{"href":"https:\/\/markus-philippi.de\/index.php\/wp-json\/wp\/v2\/posts"}],"about":[{"href":"https:\/\/markus-philippi.de\/index.php\/wp-json\/wp\/v2\/types\/post"}],"author":[{"embeddable":true,"href":"https:\/\/markus-philippi.de\/index.php\/wp-json\/wp\/v2\/users\/1"}],"replies":[{"embeddable":true,"href":"https:\/\/markus-philippi.de\/index.php\/wp-json\/wp\/v2\/comments?post=1636"}],"version-history":[{"count":1,"href":"https:\/\/markus-philippi.de\/index.php\/wp-json\/wp\/v2\/posts\/1636\/revisions"}],"predecessor-version":[{"id":1637,"href":"https:\/\/markus-philippi.de\/index.php\/wp-json\/wp\/v2\/posts\/1636\/revisions\/1637"}],"wp:featuredmedia":[{"embeddable":true,"href":"https:\/\/markus-philippi.de\/index.php\/wp-json\/wp\/v2\/media\/1631"}],"wp:attachment":[{"href":"https:\/\/markus-philippi.de\/index.php\/wp-json\/wp\/v2\/media?parent=1636"}],"wp:term":[{"taxonomy":"category","embeddable":true,"href":"https:\/\/markus-philippi.de\/index.php\/wp-json\/wp\/v2\/categories?post=1636"},{"taxonomy":"post_tag","embeddable":true,"href":"https:\/\/markus-philippi.de\/index.php\/wp-json\/wp\/v2\/tags?post=1636"}],"curies":[{"name":"wp","href":"https:\/\/api.w.org\/{rel}","templated":true}]}}