{"id":1521,"date":"2025-05-23T17:43:22","date_gmt":"2025-05-23T15:43:22","guid":{"rendered":"https:\/\/markus-philippi.de\/?p=1521"},"modified":"2025-05-23T18:12:55","modified_gmt":"2025-05-23T16:12:55","slug":"fahrscheinfreier-busverkehr-in-offenbach","status":"publish","type":"post","link":"https:\/\/markus-philippi.de\/index.php\/2025\/05\/23\/fahrscheinfreier-busverkehr-in-offenbach\/","title":{"rendered":"Fahrscheinfreier Busverkehr in Offenbach"},"content":{"rendered":"\n<p class=\"has-black-color has-text-color has-link-color has-medium-font-size wp-elements-c7ecb0c7ade210beba8d6c081ff2c0f2\">In der Stadtverordnetenversammlung habe ich unseren Antrag zu fahrscheinfreien Tagen im Stadtgebiet Offenbach eingebracht. Die Koalition hat sie unserem Anliegen angeschlossen und nun wird gepr\u00fcft welche Tage daf\u00fcr infrage kommen und wer sich an der Finanzierung beteiligt.  <br><br>Gepr\u00fcft wird: An welchen Tagen und zu welchen Anl\u00e4ssen sich fahrscheinfreie Angebote besonders anbieten, um m\u00f6glichst vielen Offenbacher*innen, insbesondere Familien, \u00e4lteren Menschen und Personen ohne Zugang zu Flatrate-Tickets, mehr Teilhabe am \u00f6ffentlichen Leben zu erm\u00f6glichen.<\/p>\n\n\n\n<figure class=\"wp-block-image size-large\"><img loading=\"lazy\" decoding=\"async\" width=\"819\" height=\"1024\" src=\"https:\/\/markus-philippi.de\/wp-content\/uploads\/2025\/05\/fahrscheinfrei-819x1024.jpg\" alt=\"\" class=\"wp-image-1522\" srcset=\"https:\/\/markus-philippi.de\/wp-content\/uploads\/2025\/05\/fahrscheinfrei-819x1024.jpg 819w, https:\/\/markus-philippi.de\/wp-content\/uploads\/2025\/05\/fahrscheinfrei-240x300.jpg 240w, https:\/\/markus-philippi.de\/wp-content\/uploads\/2025\/05\/fahrscheinfrei-768x960.jpg 768w, https:\/\/markus-philippi.de\/wp-content\/uploads\/2025\/05\/fahrscheinfrei-1229x1536.jpg 1229w, https:\/\/markus-philippi.de\/wp-content\/uploads\/2025\/05\/fahrscheinfrei.jpg 1638w\" sizes=\"auto, (max-width: 819px) 100vw, 819px\" \/><\/figure>\n\n\n\n<p class=\"has-black-color has-text-color has-link-color has-medium-font-size wp-elements-c9adb61c3eb2400bb35dfde0deb04c53\">Wer die Finanzierung f\u00fcr die entstehenden Kosten tr\u00e4gt oder wie die Kosten aufgeteilt werden k\u00f6nnen und wie hoch die Gesamtkosten w\u00e4ren. Es muss sichergestellt werden, dass die Mittel daf\u00fcr zus\u00e4tzlich zum geplanten Budget im Nahverkehr zur Verf\u00fcgung gestellt werden &#8211; eine sole Aktion darf nicht dazu f\u00fchren Linien einzuk\u00fcrzen.<\/p>\n\n\n\n<p class=\"has-black-color has-text-color has-link-color has-medium-font-size wp-elements-ad663c249fff140d145c4cd3a4478b32\">Ich werde mich weiterhin f\u00fcr einen sehr gute \u00d6PNV in OF einsetzen !<\/p>\n","protected":false},"excerpt":{"rendered":"<p>In der Stadtverordnetenversammlung habe ich unseren Antrag zu fahrscheinfreien Tagen im Stadtgebiet Offenbach eingebracht. Die Koalition hat sie unserem Anliegen angeschlossen und nun wird gepr\u00fcft welche Tage daf\u00fcr infrage kommen &#8230;<\/p>\n","protected":false},"author":1,"featured_media":1522,"comment_status":"open","ping_status":"closed","sticky":false,"template":"","format":"standard","meta":{"footnotes":""},"categories":[35],"tags":[34,33,32],"class_list":["post-1521","post","type-post","status-publish","format-standard","has-post-thumbnail","hentry","category-die-linke","tag-bus","tag-offenbach","tag-oepnv"],"_links":{"self":[{"href":"https:\/\/markus-philippi.de\/index.php\/wp-json\/wp\/v2\/posts\/1521","targetHints":{"allow":["GET"]}}],"collection":[{"href":"https:\/\/markus-philippi.de\/index.php\/wp-json\/wp\/v2\/posts"}],"about":[{"href":"https:\/\/markus-philippi.de\/index.php\/wp-json\/wp\/v2\/types\/post"}],"author":[{"embeddable":true,"href":"https:\/\/markus-philippi.de\/index.php\/wp-json\/wp\/v2\/users\/1"}],"replies":[{"embeddable":true,"href":"https:\/\/markus-philippi.de\/index.php\/wp-json\/wp\/v2\/comments?post=1521"}],"version-history":[{"count":4,"href":"https:\/\/markus-philippi.de\/index.php\/wp-json\/wp\/v2\/posts\/1521\/revisions"}],"predecessor-version":[{"id":1526,"href":"https:\/\/markus-philippi.de\/index.php\/wp-json\/wp\/v2\/posts\/1521\/revisions\/1526"}],"wp:featuredmedia":[{"embeddable":true,"href":"https:\/\/markus-philippi.de\/index.php\/wp-json\/wp\/v2\/media\/1522"}],"wp:attachment":[{"href":"https:\/\/markus-philippi.de\/index.php\/wp-json\/wp\/v2\/media?parent=1521"}],"wp:term":[{"taxonomy":"category","embeddable":true,"href":"https:\/\/markus-philippi.de\/index.php\/wp-json\/wp\/v2\/categories?post=1521"},{"taxonomy":"post_tag","embeddable":true,"href":"https:\/\/markus-philippi.de\/index.php\/wp-json\/wp\/v2\/tags?post=1521"}],"curies":[{"name":"wp","href":"https:\/\/api.w.org\/{rel}","templated":true}]}}