{"id":1494,"date":"2025-04-22T21:46:48","date_gmt":"2025-04-22T19:46:48","guid":{"rendered":"https:\/\/markus-philippi.de\/?p=1494"},"modified":"2025-05-02T23:35:33","modified_gmt":"2025-05-02T21:35:33","slug":"mahl-der-arbeit","status":"publish","type":"post","link":"https:\/\/markus-philippi.de\/index.php\/2025\/04\/22\/mahl-der-arbeit\/","title":{"rendered":"Mahl der Arbeit"},"content":{"rendered":"\n<p>\/<\/p>\n\n\n\n<div class=\"wp-block-cover\"><img loading=\"lazy\" decoding=\"async\" width=\"1024\" height=\"768\" class=\"wp-block-cover__image-background wp-image-1508\" alt=\"\" src=\"https:\/\/markus-philippi.de\/wp-content\/uploads\/2025\/04\/20250422_175435-1024x768.jpg\" data-object-fit=\"cover\" srcset=\"https:\/\/markus-philippi.de\/wp-content\/uploads\/2025\/04\/20250422_175435-1024x768.jpg 1024w, https:\/\/markus-philippi.de\/wp-content\/uploads\/2025\/04\/20250422_175435-300x225.jpg 300w, https:\/\/markus-philippi.de\/wp-content\/uploads\/2025\/04\/20250422_175435-768x576.jpg 768w, https:\/\/markus-philippi.de\/wp-content\/uploads\/2025\/04\/20250422_175435-1536x1152.jpg 1536w, https:\/\/markus-philippi.de\/wp-content\/uploads\/2025\/04\/20250422_175435-2048x1536.jpg 2048w\" sizes=\"auto, (max-width: 1024px) 100vw, 1024px\" \/><span aria-hidden=\"true\" class=\"wp-block-cover__background has-background-dim\"><\/span><div class=\"wp-block-cover__inner-container is-layout-flow wp-block-cover-is-layout-flow\">\n<p class=\"has-text-align-center has-large-font-size\"><\/p>\n\n\n\n<figure class=\"wp-block-image size-large is-resized\"><img loading=\"lazy\" decoding=\"async\" width=\"768\" height=\"1024\" src=\"https:\/\/markus-philippi.de\/wp-content\/uploads\/2025\/04\/20250422_175417-768x1024.jpg\" alt=\"\" class=\"wp-image-1509\" style=\"width:183px;height:auto\" srcset=\"https:\/\/markus-philippi.de\/wp-content\/uploads\/2025\/04\/20250422_175417-768x1024.jpg 768w, https:\/\/markus-philippi.de\/wp-content\/uploads\/2025\/04\/20250422_175417-225x300.jpg 225w, https:\/\/markus-philippi.de\/wp-content\/uploads\/2025\/04\/20250422_175417-1152x1536.jpg 1152w, https:\/\/markus-philippi.de\/wp-content\/uploads\/2025\/04\/20250422_175417-1536x2048.jpg 1536w, https:\/\/markus-philippi.de\/wp-content\/uploads\/2025\/04\/20250422_175417-scaled.jpg 1920w\" sizes=\"auto, (max-width: 768px) 100vw, 768px\" \/><\/figure>\n<\/div><\/div>\n\n\n\n<h4 class=\"wp-block-heading\">Mahl der Arbeit Offenbach<\/h4>\n\n\n\n<p class=\"has-black-color has-text-color has-link-color wp-elements-b2bcd8f06526f24ffbd35877157d888f\">Mach dich stark mit uns<\/p>\n\n\n\n<p class=\"has-black-color has-text-color has-link-color wp-elements-28de6cac9e165f17fa4c3e455064f039\">Heute habe ich am Mahl der Arbeit auf Einladung des DGB und dem Oberb\u00fcrgermeister der Stadt Offenbach F.Schwenke teilgenommen.<br>Das Mahl der Arbeit soll den Erfahrungsaustausch f\u00f6rdern und der Kontaktpflege dienen. Insbesondere bei den Arbeitnehmerfragen wollen Gewerkschaften mit der Kommunalpolitik gemeinsam an tragf\u00e4higen Konzepten arbeiten und an die gute Tradition der Zusammenarbeit festhalten.<\/p>\n\n\n\n<p class=\"has-black-color has-text-color has-link-color wp-elements-60c8bb4ce2333fe04737340b8653c0af\">Neben allem inhaltlichen &#8211; einem Impulsvortrag zum Thema KI und Betriebsr\u00e4te durch Nils Schlesinger BTQ konnte der Ausbiick auf Offenbach (15.Stock) \u00fcberzeugen und eine Perspektive auf die Stadt sichtbar machen die man nicht t\u00e4glich sieht. <\/p>\n\n\n\n<p><\/p>\n","protected":false},"excerpt":{"rendered":"<p>\/ Mahl der Arbeit Offenbach Mach dich stark mit uns Heute habe ich am Mahl der Arbeit auf Einladung des DGB und dem Oberb\u00fcrgermeister der Stadt Offenbach F.Schwenke teilgenommen.Das Mahl &#8230;<\/p>\n","protected":false},"author":1,"featured_media":1509,"comment_status":"open","ping_status":"closed","sticky":false,"template":"","format":"standard","meta":{"footnotes":""},"categories":[24],"tags":[29,28,30],"class_list":["post-1494","post","type-post","status-publish","format-standard","has-post-thumbnail","hentry","category-gewerkschaft","tag-dgb","tag-mahl-der-arbeit","tag-rathaus"],"_links":{"self":[{"href":"https:\/\/markus-philippi.de\/index.php\/wp-json\/wp\/v2\/posts\/1494","targetHints":{"allow":["GET"]}}],"collection":[{"href":"https:\/\/markus-philippi.de\/index.php\/wp-json\/wp\/v2\/posts"}],"about":[{"href":"https:\/\/markus-philippi.de\/index.php\/wp-json\/wp\/v2\/types\/post"}],"author":[{"embeddable":true,"href":"https:\/\/markus-philippi.de\/index.php\/wp-json\/wp\/v2\/users\/1"}],"replies":[{"embeddable":true,"href":"https:\/\/markus-philippi.de\/index.php\/wp-json\/wp\/v2\/comments?post=1494"}],"version-history":[{"count":1,"href":"https:\/\/markus-philippi.de\/index.php\/wp-json\/wp\/v2\/posts\/1494\/revisions"}],"predecessor-version":[{"id":1510,"href":"https:\/\/markus-philippi.de\/index.php\/wp-json\/wp\/v2\/posts\/1494\/revisions\/1510"}],"wp:featuredmedia":[{"embeddable":true,"href":"https:\/\/markus-philippi.de\/index.php\/wp-json\/wp\/v2\/media\/1509"}],"wp:attachment":[{"href":"https:\/\/markus-philippi.de\/index.php\/wp-json\/wp\/v2\/media?parent=1494"}],"wp:term":[{"taxonomy":"category","embeddable":true,"href":"https:\/\/markus-philippi.de\/index.php\/wp-json\/wp\/v2\/categories?post=1494"},{"taxonomy":"post_tag","embeddable":true,"href":"https:\/\/markus-philippi.de\/index.php\/wp-json\/wp\/v2\/tags?post=1494"}],"curies":[{"name":"wp","href":"https:\/\/api.w.org\/{rel}","templated":true}]}}